{"id":11015,"date":"2025-08-04T19:22:09","date_gmt":"2025-08-04T19:22:09","guid":{"rendered":"https:\/\/www.municipiodelnayar.gob.mx\/?p=11015"},"modified":"2025-08-21T19:32:16","modified_gmt":"2025-08-21T19:32:16","slug":"un-logro-mas-para-del-nayar","status":"publish","type":"post","link":"https:\/\/www.municipiodelnayar.gob.mx\/?p=11015","title":{"rendered":"\u00a1Un logro m\u00e1s para Del Nayar!"},"content":{"rendered":"<div class=\"fusion-fullwidth fullwidth-box fusion-builder-row-1 nonhundred-percent-fullwidth non-hundred-percent-height-scrolling\" style=\"background-color: rgba(255,255,255,0);background-position: center center;background-repeat: no-repeat;padding-top:0px;padding-right:0px;padding-bottom:0px;padding-left:0px;margin-bottom: 0px;margin-top: 0px;border-width: 0px 0px 0px 0px;border-color:#e2e2e2;border-style:solid;\" ><div class=\"fusion-builder-row fusion-row\"><div class=\"fusion-layout-column fusion_builder_column fusion-builder-column-0 fusion_builder_column_1_1 1_1 fusion-one-full fusion-column-first fusion-column-last\" style=\"margin-top:0px;margin-bottom:0px;\"><div class=\"fusion-column-wrapper fusion-flex-column-wrapper-legacy\" style=\"background-position:left top;background-repeat:no-repeat;-webkit-background-size:cover;-moz-background-size:cover;-o-background-size:cover;background-size:cover;padding: 0px 0px 0px 0px;\"><div class=\"fusion-text fusion-text-1\"><div class=\"x14z9mp xat24cr x1lziwak x1vvkbs xtlvy1s x126k92a\">\n<div dir=\"auto\" style=\"text-align: justify;\">Nos llena de alegr\u00eda compartir que nuestro Centro CECAPI (Centro Comunitario de Atenci\u00f3n a la Primera Infancia) en la localidad de Santa Teresa es ya una realidad fortalecida gracias al compromiso y trabajo constante de esta administraci\u00f3n.<\/div>\n<\/p>\n<div dir=\"auto\"><\/div>\n<\/div>\n<div dir=\"auto\"><\/div>\n<div class=\"x14z9mp xat24cr x1lziwak x1vvkbs xtlvy1s x126k92a\">\n<div dir=\"auto\" style=\"text-align: justify;\">Este centro lo adoptamos desde el inicio de la gesti\u00f3n, y hoy es un espacio digno, pensado para brindar atenci\u00f3n, cuidado y desarrollo integral a nuestras ni\u00f1as y ni\u00f1os en sus primeros a\u00f1os de vida.<\/div>\n<\/p>\n<div dir=\"auto\"><\/div>\n<\/div>\n<div class=\"x14z9mp xat24cr x1lziwak x1vvkbs xtlvy1s x126k92a\">\n<div dir=\"auto\" style=\"text-align: justify;\">Gracias al respaldo de nuestra presidenta municipal Imelda Escobedo, que desde el primer d\u00eda apost\u00f3 por fortalecer estos espacios comunitarios que transforman vidas y siembran esperanza para las futuras generaciones.<\/div>\n<\/p>\n<div dir=\"auto\"><\/div>\n<div dir=\"auto\"><\/div>\n<\/div>\n<div class=\"x14z9mp xat24cr x1lziwak x1vvkbs xtlvy1s x126k92a\">\n<div dir=\"auto\" style=\"text-align: center;\">\u00a1Seguimos trabajando por el bienestar de nuestras infancias y comunidades!<\/div>\n<\/div>\n<\/div><div class=\"fusion-clearfix\"><\/div><\/div><\/div><\/div><\/div>\n","protected":false},"excerpt":{"rendered":"","protected":false},"author":23,"featured_media":11019,"comment_status":"open","ping_status":"open","sticky":false,"template":"","format":"standard","meta":{"footnotes":""},"categories":[53],"tags":[],"class_list":["post-11015","post","type-post","status-publish","format-standard","has-post-thumbnail","hentry","category-municipio"],"_links":{"self":[{"href":"https:\/\/www.municipiodelnayar.gob.mx\/index.php?rest_route=\/wp\/v2\/posts\/11015","targetHints":{"allow":["GET"]}}],"collection":[{"href":"https:\/\/www.municipiodelnayar.gob.mx\/index.php?rest_route=\/wp\/v2\/posts"}],"about":[{"href":"https:\/\/www.municipiodelnayar.gob.mx\/index.php?rest_route=\/wp\/v2\/types\/post"}],"author":[{"embeddable":true,"href":"https:\/\/www.municipiodelnayar.gob.mx\/index.php?rest_route=\/wp\/v2\/users\/23"}],"replies":[{"embeddable":true,"href":"https:\/\/www.municipiodelnayar.gob.mx\/index.php?rest_route=%2Fwp%2Fv2%2Fcomments&post=11015"}],"version-history":[{"count":16,"href":"https:\/\/www.municipiodelnayar.gob.mx\/index.php?rest_route=\/wp\/v2\/posts\/11015\/revisions"}],"predecessor-version":[{"id":11037,"href":"https:\/\/www.municipiodelnayar.gob.mx\/index.php?rest_route=\/wp\/v2\/posts\/11015\/revisions\/11037"}],"wp:featuredmedia":[{"embeddable":true,"href":"https:\/\/www.municipiodelnayar.gob.mx\/index.php?rest_route=\/wp\/v2\/media\/11019"}],"wp:attachment":[{"href":"https:\/\/www.municipiodelnayar.gob.mx\/index.php?rest_route=%2Fwp%2Fv2%2Fmedia&parent=11015"}],"wp:term":[{"taxonomy":"category","embeddable":true,"href":"https:\/\/www.municipiodelnayar.gob.mx\/index.php?rest_route=%2Fwp%2Fv2%2Fcategories&post=11015"},{"taxonomy":"post_tag","embeddable":true,"href":"https:\/\/www.municipiodelnayar.gob.mx\/index.php?rest_route=%2Fwp%2Fv2%2Ftags&post=11015"}],"curies":[{"name":"wp","href":"https:\/\/api.w.org\/{rel}","templated":true}]}}