{"id":11038,"date":"2025-08-06T20:04:36","date_gmt":"2025-08-06T20:04:36","guid":{"rendered":"https:\/\/www.municipiodelnayar.gob.mx\/?p=11038"},"modified":"2025-08-25T15:37:25","modified_gmt":"2025-08-25T15:37:25","slug":"la-presidenta-imelda-escobedo-impulsa-politicas-a-favor-de-la-ninez-y-adolescencia","status":"publish","type":"post","link":"https:\/\/www.municipiodelnayar.gob.mx\/?p=11038","title":{"rendered":"La presidenta,  Imelda Escobedo impulsa pol\u00edticas a favor de la ni\u00f1ez y adolescencia"},"content":{"rendered":"<p><div class=\"fusion-fullwidth fullwidth-box fusion-builder-row-1 nonhundred-percent-fullwidth non-hundred-percent-height-scrolling\" style=\"background-color: rgba(255,255,255,0);background-position: center center;background-repeat: no-repeat;padding-top:0px;padding-right:0px;padding-bottom:0px;padding-left:0px;margin-bottom: 0px;margin-top: 0px;border-width: 0px 0px 0px 0px;border-color:#e2e2e2;border-style:solid;\" ><div class=\"fusion-builder-row fusion-row\"><div class=\"fusion-layout-column fusion_builder_column fusion-builder-column-0 fusion_builder_column_1_1 1_1 fusion-one-full fusion-column-first fusion-column-last\" style=\"margin-top:0px;margin-bottom:0px;\"><div class=\"fusion-column-wrapper fusion-flex-column-wrapper-legacy\" style=\"background-position:left top;background-repeat:no-repeat;-webkit-background-size:cover;-moz-background-size:cover;-o-background-size:cover;background-size:cover;padding: 0px 0px 0px 0px;\"><!DOCTYPE html>\n<html lang=\"es\">\n<head>\n  <meta charset=\"UTF-8\">\n  <title>Slider de Im\u00e1genes<\/title>\n  <style>\n    * {\n      box-sizing: border-box;\n    }\n\n    body {\n      margin: 0;\n      padding: 0;\n      font-family: sans-serif;\n    }\n\n    .slider {\n      width: 900%;\n      max-width: 800px;\n      height: 1000px;\n      margin: 50px auto;\n      position: relative;\n      overflow: hidden;\n      border-radius: 10px;\n      box-shadow: 0 4px 10px rgba(0,0,0,0.3);\n    }\n\n    .slides {\n      display: flex;\n      width: 400%; \/* 4 im\u00e1genes = 400% *\/\n      height: 100%;\n      animation: slide 16s infinite;\n    }\n\n    .slides img {\n      width: 100%;\n      height: 100%;\n      object-fit: cover;\n    }\n\n    @keyframes slide {\n      0%    { margin-left: 0%; }\n      20%   { margin-left: 0%; }\n      25%   { margin-left: -100%; }\n      45%   { margin-left: -100%; }\n      50%   { margin-left: -200%; }\n      70%   { margin-left: -200%; }\n      75%   { margin-left: -300%; }\n      95%   { margin-left: -300%; }\n      100%  { margin-left: 0%; }\n    }\n  <\/style>\n<\/head>\n<body>\n\n  <div class=\"slider\">\n    <div class=\"slides\">\n      <img decoding=\"async\" src=\"https:\/\/www.municipiodelnayar.gob.mx\/wp-content\/uploads\/2025\/08\/Imelda%20Escobedo%20impulsa%20pol%C3%ADticas%20a%20favor%20de%20la%20ni%C3%B1ez%20y%20adolescencia\/La%20presidenta,%20%20Imelda%20Escobedo%20impulsa%20pol%C3%ADticas%20a%20favor%20de%20la%20ni%C3%B1ez%20y%20adolescencia_1.jpg\" alt=\"Imagen 1\">\n      <img decoding=\"async\" src=\"https:\/\/www.municipiodelnayar.gob.mx\/wp-content\/uploads\/2025\/08\/Imelda%20Escobedo%20impulsa%20pol%C3%ADticas%20a%20favor%20de%20la%20ni%C3%B1ez%20y%20adolescencia\/La%20presidenta,%20%20Imelda%20Escobedo%20impulsa%20pol%C3%ADticas%20a%20favor%20de%20la%20ni%C3%B1ez%20y%20adolescencia_2.jpg\" alt=\"Imagen 2\">\n      <img decoding=\"async\" src=\"https:\/\/www.municipiodelnayar.gob.mx\/wp-content\/uploads\/2025\/08\/Imelda%20Escobedo%20impulsa%20pol%C3%ADticas%20a%20favor%20de%20la%20ni%C3%B1ez%20y%20adolescencia\/La%20presidenta,%20%20Imelda%20Escobedo%20impulsa%20pol%C3%ADticas%20a%20favor%20de%20la%20ni%C3%B1ez%20y%20adolescencia_3.jpg\" alt=\"Imagen 3\">\n      <img decoding=\"async\" src=\"https:\/\/www.municipiodelnayar.gob.mx\/wp-content\/uploads\/2025\/08\/Imelda%20Escobedo%20impulsa%20pol%C3%ADticas%20a%20favor%20de%20la%20ni%C3%B1ez%20y%20adolescencia\/La%20presidenta,%20%20Imelda%20Escobedo%20impulsa%20pol%C3%ADticas%20a%20favor%20de%20la%20ni%C3%B1ez%20y%20adolescencia_4.jpg\" alt=\"Imagen 4\">\n    \n\n\n    <\/div>\n  <\/div>\n\n<\/body>\n<\/html><div class=\"fusion-clearfix\"><\/div><\/div><\/div><\/div><\/div><div class=\"fusion-fullwidth fullwidth-box fusion-builder-row-2 nonhundred-percent-fullwidth non-hundred-percent-height-scrolling\" style=\"background-color: rgba(255,255,255,0);background-position: center center;background-repeat: no-repeat;padding-top:0px;padding-right:0px;padding-bottom:0px;padding-left:0px;margin-bottom: 0px;margin-top: 0px;border-width: 0px 0px 0px 0px;border-color:#e2e2e2;border-style:solid;\" ><div class=\"fusion-builder-row fusion-row\"><div class=\"fusion-layout-column fusion_builder_column fusion-builder-column-1 fusion_builder_column_1_1 1_1 fusion-one-full fusion-column-first fusion-column-last\" style=\"margin-top:0px;margin-bottom:0px;\"><div class=\"fusion-column-wrapper fusion-flex-column-wrapper-legacy\" style=\"background-position:left top;background-repeat:no-repeat;-webkit-background-size:cover;-moz-background-size:cover;-o-background-size:cover;background-size:cover;padding: 0px 0px 0px 0px;\"><div class=\"fusion-text fusion-text-1\"><p>&nbsp;<\/p>\n<p>Este mi\u00e9rcoles por la ma\u00f1ana la presidenta municipal, Imelda Escobedo, encabez\u00f3 la instalaci\u00f3n del Sistema Municipal de Protecci\u00f3n Integral de Ni\u00f1as, Ni\u00f1os y Adolescentes, un paso fundamental para garantizar sus derechos, bienestar y desarrollo integral.<\/p>\n<p>Este sistema coordinar\u00e1 acciones interinstitucionales para proteger, promover y asegurar el cumplimiento de los derechos de las infancias y adolescencias en el municipio Del Nayar.<\/p>\n<\/div><div class=\"fusion-clearfix\"><\/div><\/div><\/div><\/div><\/div><\/p>\n","protected":false},"excerpt":{"rendered":"","protected":false},"author":23,"featured_media":11049,"comment_status":"open","ping_status":"open","sticky":false,"template":"","format":"standard","meta":{"footnotes":""},"categories":[53],"tags":[],"class_list":["post-11038","post","type-post","status-publish","format-standard","has-post-thumbnail","hentry","category-municipio"],"_links":{"self":[{"href":"https:\/\/www.municipiodelnayar.gob.mx\/index.php?rest_route=\/wp\/v2\/posts\/11038","targetHints":{"allow":["GET"]}}],"collection":[{"href":"https:\/\/www.municipiodelnayar.gob.mx\/index.php?rest_route=\/wp\/v2\/posts"}],"about":[{"href":"https:\/\/www.municipiodelnayar.gob.mx\/index.php?rest_route=\/wp\/v2\/types\/post"}],"author":[{"embeddable":true,"href":"https:\/\/www.municipiodelnayar.gob.mx\/index.php?rest_route=\/wp\/v2\/users\/23"}],"replies":[{"embeddable":true,"href":"https:\/\/www.municipiodelnayar.gob.mx\/index.php?rest_route=%2Fwp%2Fv2%2Fcomments&post=11038"}],"version-history":[{"count":8,"href":"https:\/\/www.municipiodelnayar.gob.mx\/index.php?rest_route=\/wp\/v2\/posts\/11038\/revisions"}],"predecessor-version":[{"id":11050,"href":"https:\/\/www.municipiodelnayar.gob.mx\/index.php?rest_route=\/wp\/v2\/posts\/11038\/revisions\/11050"}],"wp:featuredmedia":[{"embeddable":true,"href":"https:\/\/www.municipiodelnayar.gob.mx\/index.php?rest_route=\/wp\/v2\/media\/11049"}],"wp:attachment":[{"href":"https:\/\/www.municipiodelnayar.gob.mx\/index.php?rest_route=%2Fwp%2Fv2%2Fmedia&parent=11038"}],"wp:term":[{"taxonomy":"category","embeddable":true,"href":"https:\/\/www.municipiodelnayar.gob.mx\/index.php?rest_route=%2Fwp%2Fv2%2Fcategories&post=11038"},{"taxonomy":"post_tag","embeddable":true,"href":"https:\/\/www.municipiodelnayar.gob.mx\/index.php?rest_route=%2Fwp%2Fv2%2Ftags&post=11038"}],"curies":[{"name":"wp","href":"https:\/\/api.w.org\/{rel}","templated":true}]}}