{"id":12995,"date":"2026-09-02T17:50:15","date_gmt":"2026-09-02T17:50:15","guid":{"rendered":"https:\/\/www.municipiodelnayar.gob.mx\/?p=12995"},"modified":"2026-09-02T18:23:05","modified_gmt":"2026-09-02T18:23:05","slug":"concientizacion-en-la-prevencion-del-cancer-infantil","status":"publish","type":"post","link":"https:\/\/www.municipiodelnayar.gob.mx\/?p=12995","title":{"rendered":"Concientizaci\u00f3n en la prevenci\u00f3n del c\u00e1ncer infantil"},"content":{"rendered":"<div class=\"fusion-fullwidth fullwidth-box fusion-builder-row-1 fusion-flex-container nonhundred-percent-fullwidth non-hundred-percent-height-scrolling\" style=\"background-color: rgba(255,255,255,0);background-position: center center;background-repeat: no-repeat;border-width: 0px 0px 0px 0px;border-color:#e2e2e2;border-style:solid;\" ><div class=\"fusion-builder-row fusion-row fusion-flex-align-items-flex-start\" style=\"max-width:1248px;margin-left: calc(-4% \/ 2 );margin-right: calc(-4% \/ 2 );\"><div class=\"fusion-layout-column fusion_builder_column fusion-builder-column-0 fusion_builder_column_1_1 1_1 fusion-flex-column\"><div class=\"fusion-column-wrapper fusion-flex-justify-content-flex-start fusion-content-layout-column\" style=\"background-position:left top;background-repeat:no-repeat;-webkit-background-size:cover;-moz-background-size:cover;-o-background-size:cover;background-size:cover;padding: 0px 0px 0px 0px;\"><div class=\"fusion-text fusion-text-1\"><p><img decoding=\"async\" class=\"wp-image-12996 aligncenter\" src=\"https:\/\/www.municipiodelnayar.gob.mx\/wp-content\/uploads\/2026\/09\/1-240x300.jpeg\" alt=\"\" width=\"776\" height=\"971\" srcset=\"https:\/\/www.municipiodelnayar.gob.mx\/wp-content\/uploads\/2026\/09\/1-200x250.jpeg 200w, https:\/\/www.municipiodelnayar.gob.mx\/wp-content\/uploads\/2026\/09\/1-240x300.jpeg 240w, https:\/\/www.municipiodelnayar.gob.mx\/wp-content\/uploads\/2026\/09\/1-400x500.jpeg 400w, https:\/\/www.municipiodelnayar.gob.mx\/wp-content\/uploads\/2026\/09\/1-600x751.jpeg 600w, https:\/\/www.municipiodelnayar.gob.mx\/wp-content\/uploads\/2026\/09\/1-768x961.jpeg 768w, https:\/\/www.municipiodelnayar.gob.mx\/wp-content\/uploads\/2026\/09\/1-800x1001.jpeg 800w, https:\/\/www.municipiodelnayar.gob.mx\/wp-content\/uploads\/2026\/09\/1-819x1024.jpeg 819w, https:\/\/www.municipiodelnayar.gob.mx\/wp-content\/uploads\/2026\/09\/1-1200x1501.jpeg 1200w, https:\/\/www.municipiodelnayar.gob.mx\/wp-content\/uploads\/2026\/09\/1-1228x1536.jpeg 1228w, https:\/\/www.municipiodelnayar.gob.mx\/wp-content\/uploads\/2026\/09\/1.jpeg 1279w\" sizes=\"(max-width: 776px) 100vw, 776px\" \/><\/p>\n<p style=\"text-align: justify; font-size: 18px;\">Durante el mes de septiembre nos unimos a la campa\u00f1a de <strong>concientizaci\u00f3n y prevenci\u00f3n del c\u00e1ncer infantil<\/strong>, promoviendo la importancia de reconocer oportunamente los signos y s\u00edntomas que pueden presentarse en ni\u00f1as, ni\u00f1os y adolescentes.<\/p>\n<p style=\"text-align: justify; font-size: 18px;\">La <strong>detecci\u00f3n temprana y la atenci\u00f3n m\u00e9dica oportuna<\/strong> pueden marcar una diferencia importante. Por ello, invitamos a madres, padres, personas cuidadoras y a toda la comunidad a informarse, estar atentos a cualquier se\u00f1al de alerta y acudir a los servicios de salud ante cualquier situaci\u00f3n que genere preocupaci\u00f3n.<\/p>\n<p style=\"text-align: justify; font-size: 18px;\">Desde el <strong>H.XXVIII Ayuntamiento Del Nayar<\/strong>, nos sumamos a esta iniciativa impulsada por <strong>SIPINNA<\/strong>, reafirmando nuestro compromiso con el bienestar, la salud y la protecci\u00f3n de los derechos de ni\u00f1as, ni\u00f1os y adolescentes.<\/p>\n<p style=\"text-align: center; font-size: 20px;\"><strong>Informarnos tambi\u00e9n es una forma de cuidar.<\/strong><\/p>\n<\/div><\/div><\/div><style type=\"text\/css\">.fusion-body .fusion-builder-column-0{width:100% !important;margin-top : 0px;margin-bottom : 20px;}.fusion-builder-column-0 > .fusion-column-wrapper {padding-top : 0px !important;padding-right : 0px !important;margin-right : 1.92%;padding-bottom : 0px !important;padding-left : 0px !important;margin-left : 1.92%;}@media only screen and (max-width:1024px) {.fusion-body .fusion-builder-column-0{width:100% !important;order : 0;}.fusion-builder-column-0 > .fusion-column-wrapper {margin-right : 1.92%;margin-left : 1.92%;}}@media only screen and (max-width:640px) {.fusion-body .fusion-builder-column-0{width:100% !important;order : 0;}.fusion-builder-column-0 > .fusion-column-wrapper {margin-right : 1.92%;margin-left : 1.92%;}}<\/style><\/div><style type=\"text\/css\">.fusion-body .fusion-flex-container.fusion-builder-row-1{ padding-top : 0px;margin-top : 0px;padding-right : 0px;padding-bottom : 0px;margin-bottom : 0px;padding-left : 0px;}<\/style><\/div>\n","protected":false},"excerpt":{"rendered":"","protected":false},"author":23,"featured_media":0,"comment_status":"open","ping_status":"open","sticky":false,"template":"","format":"standard","meta":{"footnotes":""},"categories":[53],"tags":[],"class_list":["post-12995","post","type-post","status-publish","format-standard","hentry","category-municipio"],"_links":{"self":[{"href":"https:\/\/www.municipiodelnayar.gob.mx\/index.php?rest_route=\/wp\/v2\/posts\/12995","targetHints":{"allow":["GET"]}}],"collection":[{"href":"https:\/\/www.municipiodelnayar.gob.mx\/index.php?rest_route=\/wp\/v2\/posts"}],"about":[{"href":"https:\/\/www.municipiodelnayar.gob.mx\/index.php?rest_route=\/wp\/v2\/types\/post"}],"author":[{"embeddable":true,"href":"https:\/\/www.municipiodelnayar.gob.mx\/index.php?rest_route=\/wp\/v2\/users\/23"}],"replies":[{"embeddable":true,"href":"https:\/\/www.municipiodelnayar.gob.mx\/index.php?rest_route=%2Fwp%2Fv2%2Fcomments&post=12995"}],"version-history":[{"count":8,"href":"https:\/\/www.municipiodelnayar.gob.mx\/index.php?rest_route=\/wp\/v2\/posts\/12995\/revisions"}],"predecessor-version":[{"id":13005,"href":"https:\/\/www.municipiodelnayar.gob.mx\/index.php?rest_route=\/wp\/v2\/posts\/12995\/revisions\/13005"}],"wp:attachment":[{"href":"https:\/\/www.municipiodelnayar.gob.mx\/index.php?rest_route=%2Fwp%2Fv2%2Fmedia&parent=12995"}],"wp:term":[{"taxonomy":"category","embeddable":true,"href":"https:\/\/www.municipiodelnayar.gob.mx\/index.php?rest_route=%2Fwp%2Fv2%2Fcategories&post=12995"},{"taxonomy":"post_tag","embeddable":true,"href":"https:\/\/www.municipiodelnayar.gob.mx\/index.php?rest_route=%2Fwp%2Fv2%2Ftags&post=12995"}],"curies":[{"name":"wp","href":"https:\/\/api.w.org\/{rel}","templated":true}]}}